{"id":15662,"date":"2024-11-04T19:28:48","date_gmt":"2024-11-04T18:28:48","guid":{"rendered":"https:\/\/www.pat-apat.org\/?p=15662"},"modified":"2024-11-22T21:22:37","modified_gmt":"2024-11-22T20:22:37","slug":"xxvijmsv-despullats-llei","status":"publish","type":"post","link":"https:\/\/www.pat-apat.org\/ca\/xxvijmsv-despullats-llei\/","title":{"rendered":"XXVI Jornades Mediterr\u00e0nies de Seguretat Vi\u00e0ria | Nus davant la llei"},"content":{"rendered":"<p><img loading=\"lazy\" decoding=\"async\" class=\"aligncenter size-full wp-image-15912\" src=\"https:\/\/www.pat-apat.org\/wp-content\/uploads\/2024\/11\/StD-Jornada-Mediterranea-2024-CAT1.jpg\" alt=\"\" width=\"650\" height=\"550\" srcset=\"https:\/\/www.pat-apat.org\/wp-content\/uploads\/2024\/11\/StD-Jornada-Mediterranea-2024-CAT1.jpg 650w, https:\/\/www.pat-apat.org\/wp-content\/uploads\/2024\/11\/StD-Jornada-Mediterranea-2024-CAT1-300x254.jpg 300w\" sizes=\"auto, (max-width: 650px) 100vw, 650px\" \/><\/p>\n<p><strong>XXVI Jornades Mediterr\u00e0nies de Seguretat Vi\u00e0ria: \u201cNus davant la Llei\u201d<\/strong><\/p>\n<p><strong>Data:<\/strong> 21 de novembre<br \/>\n<strong>Hora:<\/strong> 9:30 a 14:00<br \/>\n<strong>Format:<\/strong> h\u00edbrid<br \/>\n<strong>Lloc:<\/strong> Col\u00b7legi de Periodistes de Catalunya<br \/>\nRambla de Catalunya, 10, Principal<br \/>\n08007 Barcelona<\/p>\n<p>El proper 21 de novembre, de 9:30 a 14:00 hores, al Col\u00b7legi de Periodistes de Catalunya, celebrem les <strong>XXVI Jornades Mediterr\u00e0nies de Seguretat Vi\u00e0ria<\/strong> sota el lema <strong>\u201cNus davant la Llei\u201d<\/strong>, una oportunitat \u00fanica per aprofundir en un problema que ens afecta a tots i que reclama canvis legislatius urgents.<\/p>\n<p>En aquestes jornades, explorarem l\u2019alarmant relaci\u00f3 entre el consum d\u2019alcohol i altres drogues i la sinistralitat vi\u00e0ria i les seves conseq\u00fc\u00e8ncies. Analitzarem la realitat dels reincidents, abordant la complexa problem\u00e0tica de les addiccions i la necessitat urgent de tractament i rehabilitaci\u00f3. Tamb\u00e9 debatrem la imprescindible coordinaci\u00f3 entre el Departament de Just\u00edcia i el de Salut per afrontar aquest repte i explorarem exemples de campanyes d\u2019\u00e8xit en educaci\u00f3 vi\u00e0ria.<\/p>\n<p>L\u2019esdeveniment culminar\u00e0 amb la presentaci\u00f3 del <strong>Manifest \u201cNus davant la Llei\u201d<\/strong>, una crida a l\u2019acci\u00f3 per acabar amb la impunitat i assegurar que les lleis protegeixin efectivament la societat. Ens unim per exigir un canvi legislatiu que reforci la seguretat vi\u00e0ria i actu\u00ef com un veritable dissuasori davant la conducci\u00f3 sota els efectes de l\u2019alcohol i altres drogues. Volem lleis que protegeixin els nostres carrers i carreteres i transmetin un missatge clar: <strong>la vida i la seguretat de tothom s\u00f3n innegociables<\/strong>.<\/p>\n<div><b data-olk-copy-source=\"MessageBody\">Programa provisional:<\/b><\/div>\n<ul>\n<li><b>9:30 h<\/b>\u00a0\u2013 Recepci\u00f3 d\u2019assistents<br \/>\n<b>Presenta l\u2019acte:<\/b>\u00a0Ana Indiano, periodista i responsable de comunicaci\u00f3 de P(A)T<\/li>\n<li><b>10:00 h<\/b>\u00a0\u2013 Inauguraci\u00f3\n<ul>\n<li>Vicente S\u00e1nchez, President de P(A)T<\/li>\n<li>Sr. Jes\u00fas Mar\u00eda del Cacho Rivera. Director general d\u2019Execuci\u00f3 Penal a la Comunitat i Just\u00edcia Juvenil. Departament de Justicia &#8211; Generalitat de Catalunya<\/li>\n<\/ul>\n<\/li>\n<li><b>10:20 h<\/b>\u00a0\u2013 Presentaci\u00f3 del Manifest &#8220;Despullats davant la llei&#8221;<br \/>\n<b>Ponents:<\/b><\/p>\n<ul>\n<li>Rosa Lemos, Delegada de P(A)T a Granada<\/li>\n<li>Eug\u00e8nia Pons de Gironella, Responsable d\u2019Orientaci\u00f3 Legal a P(A)T<\/li>\n<li>Montse Montal, Vicepresidenta d\u2019AP(A)T i membre de la junta directiva de la FEVR<br \/>\n<b>Presentaci\u00f3 de la fulla de ruta del manifest:<\/b> Visi\u00f3 de les accions i objectius per portar el manifest a la Comissi\u00f3 de Seguretat Vi\u00e0ria del Congr\u00e9s dels Diputats.<\/li>\n<\/ul>\n<\/li>\n<li><b>11:15 h a 11:45 h<\/b>\u00a0\u2013 Coffee Break<\/li>\n<li><b>11:45 h<\/b>\u00a0\u2013 Bloc:\u00a0<i>Entendre la Situaci\u00f3<\/i><br \/>\n<b>Modera:<\/b> Ana Indiano, periodista responsable comunicaci\u00f3 P(A)T<\/p>\n<ul>\n<li><b>Qu\u00e8 passa quan alg\u00fa cau en una addicci\u00f3?<\/b>\n<ul>\n<li><b>Pon\u00e8ncia:<\/b> <span data-olk-copy-source=\"MessageBody\">Dr. \u00c1lvaro Muro\u00a0<\/span>Coordinador Addiccions de l\u2019Hospital M\u00fatua Terrassa<\/li>\n<\/ul>\n<\/li>\n<li><b>Reincid\u00e8ncia: \u00c9s possible aturar-la?<\/b>\n<ul>\n<li><b>Ponent:<\/b>\u00a0Sebasti\u00e1n S\u00e1nchez Mar\u00edn, Professor a l\u2019\u00c0rea MIDE del Departament de Pedagogia Aplicada, Universitat Aut\u00f2noma de Barcelona; Psic\u00f2leg Cl\u00ednic i Doctor en Ci\u00e8ncies de l\u2019Educaci\u00f3; President de la Secci\u00f3 de Psicologia del Tr\u00e0nsit i Seguretat del Col\u00b7legi Oficial de Psicologia de Catalunya (COPC)<\/li>\n<\/ul>\n<\/li>\n<li><b>Campanyes d\u2019\u00c8xit en Educaci\u00f3 Vi\u00e0ria<\/b>\n<ul>\n<li><b>Pon\u00e8ncia:<\/b>\u00a0Maxi Ferro Cid, Delegat de P(A)T Gal\u00edcia i Inspector de Policia a Ourense<\/li>\n<li><b>Experi\u00e8ncies i campanyes:<\/b> \u201cPonte un 0,0\u201d, \u201cProjecte Moucho\u201d i exemples d&#8217;altres campanyes d&#8217;\u00e8xit.<\/li>\n<\/ul>\n<\/li>\n<li><b>Una visi\u00f3 des de l\u2019experi\u00e8ncia di\u00e0ria<\/b>\n<ul>\n<li><b>Ponent:<\/b>Sr. Francesc Parra, cap de la Divis\u00f3 d&#8217;Investigaci\u00f3 Vi\u00e0ria de Mossos d\u2019Esquadra<\/li>\n<li>Dades estad\u00edstiques i experi\u00e8ncia directa en patrullatge, controls de subst\u00e0ncies i assist\u00e8ncia en sinistres.<\/li>\n<\/ul>\n<\/li>\n<\/ul>\n<\/li>\n<li><b>13:15 h<\/b>\u00a0\u2013 Cloenda\n<ul>\n<li>Yolanda Domenech, Directora de P(A)T<\/li>\n<li>Sr. Carlos Pastor, Intendent de la <span data-olk-copy-source=\"MessageBody\">Unitat Central d\u2019Atestats de Tr\u00e0nsit \u2013 UCAT<\/span>. Guardia Urbana &#8211; Ajuntament de Barcelona<\/li>\n<li>Ram\u00f3n Lamiel, Director del Servei Catal\u00e0 de Tr\u00e0nsit<\/li>\n<\/ul>\n<\/li>\n<\/ul>\n<p>No faltis a aquesta cita de consci\u00e8ncia i comprom\u00eds. <a href=\"https:\/\/forms.gle\/AGx8JusQ4WDzFjBj7\"><strong>Uneix-te al Manifest \u201cNus davant la Llei\u201d<\/strong><\/a>. Junts, podem marcar la difer\u00e8ncia i construir un futur lliure de v\u00edctimes vi\u00e0ries.<\/p>\n<p><strong>INSCRIPCIONS A LA JORNADA<\/strong><\/p>\n\n<div class=\"wpcf7 no-js\" id=\"wpcf7-f15658-o1\" lang=\"es-ES\" dir=\"ltr\" data-wpcf7-id=\"15658\">\n<div class=\"screen-reader-response\"><p role=\"status\" aria-live=\"polite\" aria-atomic=\"true\"><\/p> <ul><\/ul><\/div>\n<form action=\"\/ca\/wp-json\/wp\/v2\/posts\/15662#wpcf7-f15658-o1\" method=\"post\" class=\"wpcf7-form init\" aria-label=\"Formulario de contacto\" novalidate=\"novalidate\" data-status=\"init\">\n<div style=\"display: none;\">\n<input type=\"hidden\" name=\"_wpcf7\" value=\"15658\" \/>\n<input type=\"hidden\" name=\"_wpcf7_version\" value=\"6.0.2\" \/>\n<input type=\"hidden\" name=\"_wpcf7_locale\" value=\"es_ES\" \/>\n<input type=\"hidden\" name=\"_wpcf7_unit_tag\" value=\"wpcf7-f15658-o1\" \/>\n<input type=\"hidden\" name=\"_wpcf7_container_post\" value=\"0\" \/>\n<input type=\"hidden\" name=\"_wpcf7_posted_data_hash\" value=\"\" \/>\n<input type=\"hidden\" name=\"_wpcf7_recaptcha_response\" value=\"\" \/>\n<\/div>\n<p><label> Nom (*) <span class=\"wpcf7-form-control-wrap\" data-name=\"your-name\"><input size=\"40\" maxlength=\"400\" class=\"wpcf7-form-control wpcf7-text wpcf7-validates-as-required\" aria-required=\"true\" aria-invalid=\"false\" value=\"\" type=\"text\" name=\"your-name\" \/><\/span><\/label><br \/>\n<label> Cognom (*) <span class=\"wpcf7-form-control-wrap\" data-name=\"los-apellidos\"><input size=\"40\" maxlength=\"400\" class=\"wpcf7-form-control wpcf7-text wpcf7-validates-as-required\" aria-required=\"true\" aria-invalid=\"false\" value=\"\" type=\"text\" name=\"los-apellidos\" \/><\/span><\/label><br \/>\n<label> Entitat (*) <span class=\"wpcf7-form-control-wrap\" data-name=\"la-entidad\"><input size=\"40\" maxlength=\"400\" class=\"wpcf7-form-control wpcf7-text wpcf7-validates-as-required\" aria-required=\"true\" aria-invalid=\"false\" value=\"\" type=\"text\" name=\"la-entidad\" \/><\/span><\/label><br \/>\n<label> Carrec (*) <span class=\"wpcf7-form-control-wrap\" data-name=\"el-cargo\"><input size=\"40\" maxlength=\"400\" class=\"wpcf7-form-control wpcf7-text wpcf7-validates-as-required\" aria-required=\"true\" aria-invalid=\"false\" value=\"\" type=\"text\" name=\"el-cargo\" \/><\/span><\/label><br \/>\n<label> Email (*) <span class=\"wpcf7-form-control-wrap\" data-name=\"your-email\"><input size=\"40\" maxlength=\"400\" class=\"wpcf7-form-control wpcf7-email wpcf7-validates-as-required wpcf7-text wpcf7-validates-as-email\" aria-required=\"true\" aria-invalid=\"false\" value=\"\" type=\"email\" name=\"your-email\" \/><\/span> <\/label><br \/>\n<label> Modalitat (*)<\/label><br \/>\n<span class=\"wpcf7-form-control-wrap\" data-name=\"el-modo\"><span class=\"wpcf7-form-control wpcf7-radio\"><span class=\"wpcf7-list-item first\"><input type=\"radio\" name=\"el-modo\" value=\"Presencial (places limitades)\" \/><span class=\"wpcf7-list-item-label\">Presencial (places limitades)<\/span><\/span><span class=\"wpcf7-list-item last\"><input type=\"radio\" name=\"el-modo\" value=\"Online\" \/><span class=\"wpcf7-list-item-label\">Online<\/span><\/span><\/span><\/span>\n<\/p>\n<p><span class=\"wpcf7-form-control-wrap\" data-name=\"pp\"><span class=\"wpcf7-form-control wpcf7-acceptance\"><span class=\"wpcf7-list-item\"><label><span class=\"wpcf7-list-item-label\">Accepto la pol\u00edtica de privacitat<\/span><input type=\"checkbox\" name=\"pp\" value=\"1\" checked=\"checked\" aria-invalid=\"false\" \/><\/label><\/span><\/span><\/span>\n<\/p>\n<p><input class=\"wpcf7-form-control wpcf7-submit has-spinner\" type=\"submit\" value=\"Enviar\" \/>\n<\/p>\n<input class=\"wpcf7-form-control wpcf7-hidden\" value=\"Nova inscripci\u00f3 a les XXV JMSV\" type=\"hidden\" name=\"your-subject\" \/><div class=\"wpcf7-response-output\" aria-hidden=\"true\"><\/div>\n<\/form>\n<\/div>\n\n","protected":false},"excerpt":{"rendered":"<p>XXVI Jornades Mediterr\u00e0nies de Seguretat Vi\u00e0ria: \u201cNus davant la Llei\u201d Data: 21 de novembre Hora: 9:30 a 14:00 Format: h\u00edbrid Lloc: Col\u00b7legi de Periodistes de Catalunya Rambla de Catalunya, 10, Principal 08007 Barcelona El proper 21 de novembre, de 9:30 a 14:00 hores, al Col\u00b7legi de Periodistes de Catalunya, celebrem les XXVI Jornades Mediterr\u00e0nies de [&hellip;]<\/p>\n","protected":false},"author":5,"featured_media":15912,"comment_status":"closed","ping_status":"closed","sticky":false,"template":"","format":"standard","meta":{"_acf_changed":false,"footnotes":""},"categories":[51,52],"tags":[],"class_list":["post-15662","post","type-post","status-publish","format-standard","has-post-thumbnail","hentry","category-jornades","category-noticies"],"acf":[],"_links":{"self":[{"href":"https:\/\/www.pat-apat.org\/ca\/wp-json\/wp\/v2\/posts\/15662","targetHints":{"allow":["GET"]}}],"collection":[{"href":"https:\/\/www.pat-apat.org\/ca\/wp-json\/wp\/v2\/posts"}],"about":[{"href":"https:\/\/www.pat-apat.org\/ca\/wp-json\/wp\/v2\/types\/post"}],"author":[{"embeddable":true,"href":"https:\/\/www.pat-apat.org\/ca\/wp-json\/wp\/v2\/users\/5"}],"replies":[{"embeddable":true,"href":"https:\/\/www.pat-apat.org\/ca\/wp-json\/wp\/v2\/comments?post=15662"}],"version-history":[{"count":15,"href":"https:\/\/www.pat-apat.org\/ca\/wp-json\/wp\/v2\/posts\/15662\/revisions"}],"predecessor-version":[{"id":15984,"href":"https:\/\/www.pat-apat.org\/ca\/wp-json\/wp\/v2\/posts\/15662\/revisions\/15984"}],"wp:featuredmedia":[{"embeddable":true,"href":"https:\/\/www.pat-apat.org\/ca\/wp-json\/wp\/v2\/media\/15912"}],"wp:attachment":[{"href":"https:\/\/www.pat-apat.org\/ca\/wp-json\/wp\/v2\/media?parent=15662"}],"wp:term":[{"taxonomy":"category","embeddable":true,"href":"https:\/\/www.pat-apat.org\/ca\/wp-json\/wp\/v2\/categories?post=15662"},{"taxonomy":"post_tag","embeddable":true,"href":"https:\/\/www.pat-apat.org\/ca\/wp-json\/wp\/v2\/tags?post=15662"}],"curies":[{"name":"wp","href":"https:\/\/api.w.org\/{rel}","templated":true}]}}